{"id":2311,"date":"2025-05-01T08:29:32","date_gmt":"2025-05-01T06:29:32","guid":{"rendered":"https:\/\/masterperiodismoydemocracia.umh.es\/?p=2311"},"modified":"2025-05-21T11:32:27","modified_gmt":"2025-05-21T09:32:27","slug":"hasta-aqui-llego-el-agua-y-el-barro-la-mirada-de-pablo-miranzo-sobre-la-dana","status":"publish","type":"post","link":"https:\/\/masterperiodismoydemocracia.umh.es\/en\/2025\/05\/01\/hasta-aqui-llego-el-agua-y-el-barro-la-mirada-de-pablo-miranzo-sobre-la-dana\/","title":{"rendered":"<span lang=\"es\">(Espa\u00f1ol) &#8217;Hasta aqu\u00ed lleg\u00f3 el agua y el barro&#8217;, la mirada de Pablo Miranzo sobre la DANA<\/span>"},"content":{"rendered":"<p class=\"qtranxs-available-languages-message qtranxs-available-languages-message-en\">Sorry, this entry is only available in <a href=\"https:\/\/masterperiodismoydemocracia.umh.es\/es\/wp-json\/wp\/v2\/posts\/2311\" class=\"qtranxs-available-language-link qtranxs-available-language-link-es\" title=\"Espa\u00f1ol\">European Spanish<\/a>.<\/p>","protected":false},"excerpt":{"rendered":"<p>Sorry, this entry is only available in European Spanish.<\/p>\n","protected":false},"author":3881,"featured_media":2317,"comment_status":"closed","ping_status":"open","sticky":false,"template":"","format":"standard","meta":{"_et_pb_use_builder":"","_et_pb_old_content":"","_et_gb_content_width":"","_links_to":"","_links_to_target":""},"categories":[228],"tags":[],"_links":{"self":[{"href":"https:\/\/masterperiodismoydemocracia.umh.es\/en\/wp-json\/wp\/v2\/posts\/2311"}],"collection":[{"href":"https:\/\/masterperiodismoydemocracia.umh.es\/en\/wp-json\/wp\/v2\/posts"}],"about":[{"href":"https:\/\/masterperiodismoydemocracia.umh.es\/en\/wp-json\/wp\/v2\/types\/post"}],"author":[{"embeddable":true,"href":"https:\/\/masterperiodismoydemocracia.umh.es\/en\/wp-json\/wp\/v2\/users\/3881"}],"replies":[{"embeddable":true,"href":"https:\/\/masterperiodismoydemocracia.umh.es\/en\/wp-json\/wp\/v2\/comments?post=2311"}],"version-history":[{"count":0,"href":"https:\/\/masterperiodismoydemocracia.umh.es\/en\/wp-json\/wp\/v2\/posts\/2311\/revisions"}],"wp:featuredmedia":[{"embeddable":true,"href":"https:\/\/masterperiodismoydemocracia.umh.es\/en\/wp-json\/wp\/v2\/media\/2317"}],"wp:attachment":[{"href":"https:\/\/masterperiodismoydemocracia.umh.es\/en\/wp-json\/wp\/v2\/media?parent=2311"}],"wp:term":[{"taxonomy":"category","embeddable":true,"href":"https:\/\/masterperiodismoydemocracia.umh.es\/en\/wp-json\/wp\/v2\/categories?post=2311"},{"taxonomy":"post_tag","embeddable":true,"href":"https:\/\/masterperiodismoydemocracia.umh.es\/en\/wp-json\/wp\/v2\/tags?post=2311"}],"curies":[{"name":"wp","href":"https:\/\/api.w.org\/{rel}","templated":true}]}}